{"id":12195,"date":"2026-04-27T10:06:18","date_gmt":"2026-04-27T09:06:18","guid":{"rendered":"https:\/\/cafrad.io\/?p=12195"},"modified":"2026-04-27T10:06:18","modified_gmt":"2026-04-27T09:06:18","slug":"strategic-meeting-between-cafrad-and-la-lettre-diplomatique-towards-strengthening-institutional-communication-in-africa","status":"publish","type":"post","link":"https:\/\/cafrad.io\/en\/strategic-meeting-between-cafrad-and-la-lettre-diplomatique-towards-strengthening-institutional-communication-in-africa\/","title":{"rendered":"Strategic Meeting Between CAFRAD and La Lettre Diplomatique: Towards Strengthening Institutional Communication in Africa"},"content":{"rendered":"<section class=\"wpb-content-wrapper\"><p>[vc_row][vc_column][vc_custom_heading source=&#8221;post_title&#8221; use_theme_fonts=&#8221;yes&#8221; el_class=&#8221;no_stripe&#8221;][vc_column_text css=&#8221;.vc_custom_1777280727689{margin-bottom: 20px !important;}&#8221;]<\/p>\n<div dir=\"auto\">\n<p style=\"text-align: justify;\"><img src=\"https:\/\/cafrad.io\/wp-content\/uploads\/2026\/04\/WhatsApp-Image-2026-04-21-at-12.03.25-1024x923.jpeg\" \/><\/p>\n<p style=\"text-align: justify;\">On Monday, April 20, 2026, the headquarters of the African Training and Research Centre in Administration for Development (CAFRAD) in Rabat hosted a high-level meeting between its Director General, Dr. Coffi Dieudonn\u00e9 AssouVi, and Mr. Charaf Younes Ait El Haj, Director General of the journal La Lettre Diplomatique.<\/p>\n<p style=\"text-align: justify;\">Specializing in the analysis of diplomatic affairs, La Lettre Diplomatique has established itself as a leading Moroccan publication, addressing geopolitical and strategic issues at both the African and international levels. This meeting is part of a dynamic process led by CAFRAD aimed at strengthening its institutional communication and increasing its visibility across the African continent.<\/p>\n<p style=\"text-align: justify;\">A pan-African institution committed to the strategic and systemic transformation of Africa, CAFRAD aims to raise awareness of its actions, initiatives, and insights among a wider audience. The exchange with La Lettre Diplomatique provided an opportunity to explore several avenues for collaboration, particularly in strategic communication and promoting African initiatives.<\/p>\n<p style=\"text-align: justify;\">The discussions highlighted the central role of specialized media in disseminating information about the continent&#8217;s structuring projects, as well as the need to reach wider audiences, both in Africa and internationally. In a context marked by profound geopolitical shifts, both parties emphasized the importance of effective communication as a lever for influence and transformation.<\/p>\n<p style=\"text-align: justify;\">The meeting took place in a cordial and constructive atmosphere, reflecting a shared desire to build a lasting partnership. It thus represents a first step towards establishing strategic cooperation aimed at strengthening the visibility and impact of CAFRAD&#8217;s activities.<\/p>\n<\/div>\n<p>[\/vc_column_text][stm_spacing lg_spacing=&#8221;80&#8243; md_spacing=&#8221;80&#8243; sm_spacing=&#8221;30&#8243; xs_spacing=&#8221;20&#8243;][\/vc_column][\/vc_row][vc_row full_width=&#8221;stretch_row&#8221; css=&#8221;.vc_custom_1602029642150{margin-bottom: -60px !important;background-color: #ffc80a !important;}&#8221;][vc_column][vc_cta h2=&#8221;Envie D&#8217;\u00eatre Renseign\u00e9 Sur Tous Les \u00e9v\u00e9nements du CAFRAD?&#8221; h2_font_container=&#8221;font_size:24px|color:%23000000|line_height:24px&#8221; h2_use_theme_fonts=&#8221;yes&#8221; shape=&#8221;square&#8221; style=&#8221;flat&#8221; add_button=&#8221;right&#8221; btn_title=&#8221;Nos \u00e9v\u00e9nements&#8221; btn_style=&#8221;flat&#8221; btn_color=&#8221;theme_style_2&#8243; btn_align=&#8221;right&#8221; btn_i_align=&#8221;right&#8221; btn_i_icon_fontawesome=&#8221;fa fa-chevron-right&#8221; use_custom_fonts_h2=&#8221;true&#8221; btn_button_block=&#8221;true&#8221; btn_add_icon=&#8221;true&#8221; css=&#8221;.vc_custom_1602029653171{margin-bottom: 0px !important;background-color: #ffc80a !important;}&#8221;][\/vc_cta][\/vc_column][\/vc_row]<\/p>\n<\/section>","protected":false},"excerpt":{"rendered":"<p>[vc_row][vc_column][vc_custom_heading source=&#8221;post_title&#8221; use_theme_fonts=&#8221;yes&#8221; el_class=&#8221;no_stripe&#8221;][vc_column_text css=&#8221;.vc_custom_1777280727689{margin-bottom: 20px !important;}&#8221;] On Monday, April 20, 2026, the headquarters of the African Training and Research Centre in Administration for Development (CAFRAD) in Rabat hosted a high-level meeting between its Director General, Dr. Coffi Dieudonn\u00e9 AssouVi, and Mr. Charaf Younes Ait El Haj, Director General of the journal La Lettre Diplomatique.<\/p>\n","protected":false},"author":1,"featured_media":12163,"comment_status":"open","ping_status":"open","sticky":false,"template":"","format":"standard","meta":[],"categories":[121],"tags":[],"_links":{"self":[{"href":"https:\/\/cafrad.io\/en\/wp-json\/wp\/v2\/posts\/12195"}],"collection":[{"href":"https:\/\/cafrad.io\/en\/wp-json\/wp\/v2\/posts"}],"about":[{"href":"https:\/\/cafrad.io\/en\/wp-json\/wp\/v2\/types\/post"}],"author":[{"embeddable":true,"href":"https:\/\/cafrad.io\/en\/wp-json\/wp\/v2\/users\/1"}],"replies":[{"embeddable":true,"href":"https:\/\/cafrad.io\/en\/wp-json\/wp\/v2\/comments?post=12195"}],"version-history":[{"count":1,"href":"https:\/\/cafrad.io\/en\/wp-json\/wp\/v2\/posts\/12195\/revisions"}],"predecessor-version":[{"id":12196,"href":"https:\/\/cafrad.io\/en\/wp-json\/wp\/v2\/posts\/12195\/revisions\/12196"}],"wp:featuredmedia":[{"embeddable":true,"href":"https:\/\/cafrad.io\/en\/wp-json\/wp\/v2\/media\/12163"}],"wp:attachment":[{"href":"https:\/\/cafrad.io\/en\/wp-json\/wp\/v2\/media?parent=12195"}],"wp:term":[{"taxonomy":"category","embeddable":true,"href":"https:\/\/cafrad.io\/en\/wp-json\/wp\/v2\/categories?post=12195"},{"taxonomy":"post_tag","embeddable":true,"href":"https:\/\/cafrad.io\/en\/wp-json\/wp\/v2\/tags?post=12195"}],"curies":[{"name":"wp","href":"https:\/\/api.w.org\/{rel}","templated":true}]}}