{"id":7598,"date":"2024-10-25T14:02:07","date_gmt":"2024-10-25T14:02:07","guid":{"rendered":"https:\/\/cafrad.international\/?p=7598"},"modified":"2024-10-25T14:02:07","modified_gmt":"2024-10-25T14:02:07","slug":"cafrad-delegation-visits-the-embassy-of-togo-in-the-kingdom-of-morocco-in-rabat","status":"publish","type":"post","link":"https:\/\/cafrad.io\/en\/cafrad-delegation-visits-the-embassy-of-togo-in-the-kingdom-of-morocco-in-rabat\/","title":{"rendered":"CAFRAD DELEGATION VISITS THE EMBASSY OF TOGO IN THE KINGDOM OF MOROCCO IN RABAT"},"content":{"rendered":"<section class=\"wpb-content-wrapper\"><p>[vc_row][vc_column offset=&#8221;vc_col-lg-9 vc_col-md-9&#8243; css=&#8221;.vc_custom_1452702342137{padding-right: 45px !important;}&#8221;][vc_custom_heading source=&#8221;post_title&#8221; use_theme_fonts=&#8221;yes&#8221; el_class=&#8221;no_stripe&#8221;][vc_column_text css=&#8221;.vc_custom_1729864904636{margin-bottom: 20px !important;}&#8221;]<img loading=\"lazy\" class=\"alignnone wp-image-7567 size-large\" src=\"https:\/\/cafrad.io\/wp-content\/uploads\/2024\/10\/1-768x1024.jpeg\" alt=\"\" width=\"768\" height=\"1024\" srcset=\"https:\/\/cafrad.io\/wp-content\/uploads\/2024\/10\/1-768x1024.jpeg 768w, https:\/\/cafrad.io\/wp-content\/uploads\/2024\/10\/1-225x300.jpeg 225w, https:\/\/cafrad.io\/wp-content\/uploads\/2024\/10\/1-1152x1536.jpeg 1152w, https:\/\/cafrad.io\/wp-content\/uploads\/2024\/10\/1-900x1200.jpeg 900w, https:\/\/cafrad.io\/wp-content\/uploads\/2024\/10\/1.jpeg 1200w\" sizes=\"(max-width: 768px) 100vw, 768px\" \/><\/p>\n<h6><strong>from right to left\u00a0: Dr. Coffi Dieudonn\u00e9 ASSOUVI, DIRECTOR GENERAL OF CAFRAD, M. Messan Amako\u00e9 KLUTSE, CHARGE D\u2019AFFAIRES A.I. OF THE EMBASSY OF TOGO IN MOROCCO<\/strong><\/h6>\n<p><strong>The new Director General to conquer the Member States!<\/strong><\/p>\n<p>As part of the deployment of his vision for CAFRAD in the service of the global, digital and intelligent transformation of African public and private administrations, the new Director General of CAFRAD, Dr. Coffi Dieudonn\u00e9 ASSOUVI began an educational tour of the Embassies of CAFRAD Member States in Rabat, in the Kingdom of Morocco. The goal is to encourage their support for the roadmap and innovative projects for the Pan-African Intergovernmental Organization in terms of training, research &amp; development, documentation (Benchmarking), publication and consulting on postmodern issues of public action in a context of porosity in the public and private sectors.<\/p>\n<p><img loading=\"lazy\" class=\"alignnone wp-image-7570 size-large\" src=\"https:\/\/cafrad.io\/wp-content\/uploads\/2024\/10\/2-1024x595.jpeg\" alt=\"\" width=\"1024\" height=\"595\" srcset=\"https:\/\/cafrad.io\/wp-content\/uploads\/2024\/10\/2-1024x595.jpeg 1024w, https:\/\/cafrad.io\/wp-content\/uploads\/2024\/10\/2-300x174.jpeg 300w, https:\/\/cafrad.io\/wp-content\/uploads\/2024\/10\/2-768x447.jpeg 768w, https:\/\/cafrad.io\/wp-content\/uploads\/2024\/10\/2-350x204.jpeg 350w, https:\/\/cafrad.io\/wp-content\/uploads\/2024\/10\/2-900x523.jpeg 900w, https:\/\/cafrad.io\/wp-content\/uploads\/2024\/10\/2.jpeg 1405w\" sizes=\"(max-width: 1024px) 100vw, 1024px\" \/><\/p>\n<h6><strong>from right to left\u00a0: Dr. Coffi Dieudonn\u00e9 ASSOUVI, DIRECTOR GENERAL OF CAFRAD, M. Messan Amako\u00e9 KLUTSE, CHARGE D\u2019AFFAIRES A.I. OF THE EMBASSY OF TOGO IN MOROCCO<\/strong><\/h6>\n<p>This highly appreciated approach is part of the implementation of a participatory and inclusive management, as well as the transformational leadership of the new Director General. As a reminder, the new Director General was elected on July 9, 2024 by the 59th Board Session following a very rigorous selection process involving 19 candidates from 13 member countries.<\/p>\n<p>Dr. ASSOUVI was received in audience on Thursday, October 24, 2024 by Mr. Messan Amako\u00e9 KLUTSE, charge d&#8217;affaires a.i. of the Embassy of the Togolese Republic to the Kingdom of Morocco in Rabat. The Director General was accompanied by a delegation composed of the Head of Protocol Mr. Aziz BEN DOUKALI, the Assistant to the Director General, Ms. Hasnaa EDDAALITI, and the Communications Officer, Ms. Basma BOUZIANI. Mr. KLUTSE was assisted for the occasion by Mr. WINEGUE Kangayo Robert, First Advisor.<\/p>\n<p><img loading=\"lazy\" class=\"alignnone wp-image-7588 size-large\" src=\"https:\/\/cafrad.io\/wp-content\/uploads\/2024\/10\/3-1-1024x877.jpeg\" alt=\"\" width=\"1024\" height=\"877\" srcset=\"https:\/\/cafrad.io\/wp-content\/uploads\/2024\/10\/3-1-1024x877.jpeg 1024w, https:\/\/cafrad.io\/wp-content\/uploads\/2024\/10\/3-1-300x257.jpeg 300w, https:\/\/cafrad.io\/wp-content\/uploads\/2024\/10\/3-1-768x658.jpeg 768w, https:\/\/cafrad.io\/wp-content\/uploads\/2024\/10\/3-1-900x771.jpeg 900w, https:\/\/cafrad.io\/wp-content\/uploads\/2024\/10\/3-1.jpeg 1500w\" sizes=\"(max-width: 1024px) 100vw, 1024px\" \/><\/p>\n<h6><strong>FROM RIGHT TO LEFT: DR. <\/strong><strong>COFFI DIEUDONNE ASSOUVI, GENERAL DIRECTOR OF CAFRAD, MR. MESSAN AMAKOE KLUTSE, CHARGE D\u2019AFFAIRES A.I. OF THE EMBASSY OF TOGO IN MOROCCO<\/strong><\/h6>\n<p>In his capacity as representative of Togo, His Excellency, Mr. Charg\u00e9 d&#8217;Affaires, a.i. confirmed his country&#8217;s commitment to supporting the vision of the Director General of CAFRAD, which he also considers ambitious for CAFRAD and the Member States.<\/p>\n<p>He was very interested in creating new cooperation opportunities between CAFRAD and Togo, based on the new dynamics of CAFRAD and the ambitious reform program proposed by the Director General.<\/p>\n<p>&nbsp;<\/p>\n<p><img loading=\"lazy\" class=\"alignnone wp-image-7576 size-large\" src=\"https:\/\/cafrad.io\/wp-content\/uploads\/2024\/10\/4-833x1024.jpeg\" alt=\"\" width=\"833\" height=\"1024\" srcset=\"https:\/\/cafrad.io\/wp-content\/uploads\/2024\/10\/4-833x1024.jpeg 833w, https:\/\/cafrad.io\/wp-content\/uploads\/2024\/10\/4-244x300.jpeg 244w, https:\/\/cafrad.io\/wp-content\/uploads\/2024\/10\/4-768x944.jpeg 768w, https:\/\/cafrad.io\/wp-content\/uploads\/2024\/10\/4-1250x1536.jpeg 1250w, https:\/\/cafrad.io\/wp-content\/uploads\/2024\/10\/4-900x1106.jpeg 900w, https:\/\/cafrad.io\/wp-content\/uploads\/2024\/10\/4.jpeg 1302w\" sizes=\"(max-width: 833px) 100vw, 833px\" \/><\/p>\n<h6><strong>FROM RIGHT TO LEFT: MR. WINEGUE KANGAYO ROBERT, FIRST ADVISOR TO THE EMBASSY OF TOGO IN MOROCCO, DR. COFFI DIEUDONNE ASSOUVI, GENERAL DIRECTOR OF CAFRAD, MR. MESSAN AMAKOE KLUTSE, CHARGE D\u2019AFFAIRES A.I. OF THE EMBASSY OF TOGO IN MOROCCO<\/strong><\/h6>\n<p>The constructive exchanges between CAFRAD and the Togolese Embassy focused on the importance of raising awareness in countries about the ambitious projects carried out by CAFRAD, in particular through a tour of the Director General in the Member States, the strengthening of capacities of senior civil servants in terms of training responding to global challenges, or the training of senior executives of Embassies in the professions of new diplomacy and governance, focused on results and performance, geopolitics and reconfigurations of order ongoing global crisis, human security, the creation of intelligent infrastructures, etc.<\/p>\n<p>&nbsp;<\/p>\n<p><img loading=\"lazy\" class=\"alignnone wp-image-7595 size-large\" src=\"https:\/\/cafrad.io\/wp-content\/uploads\/2024\/10\/7-1024x991.jpeg\" alt=\"\" width=\"1024\" height=\"991\" srcset=\"https:\/\/cafrad.io\/wp-content\/uploads\/2024\/10\/7-1024x991.jpeg 1024w, https:\/\/cafrad.io\/wp-content\/uploads\/2024\/10\/7-300x290.jpeg 300w, https:\/\/cafrad.io\/wp-content\/uploads\/2024\/10\/7-768x743.jpeg 768w, https:\/\/cafrad.io\/wp-content\/uploads\/2024\/10\/7-900x871.jpeg 900w, https:\/\/cafrad.io\/wp-content\/uploads\/2024\/10\/7.jpeg 1500w\" sizes=\"(max-width: 1024px) 100vw, 1024px\" \/><\/p>\n<h6><strong>FROM RIGHT TO LEFT: Mr. <\/strong><strong>WINEGUE KNGAYO ROBERT, FIRST ADVISOR TO THE EMBASSY OF TOGO IN MOROCCO, DR. COFFI DIEUDONNE ASSOUVI, DIRECTOR GENERAL OF CAFRAD, Mr. MESSAN AMAKOE KLUTSE, CHARGE D\u2019AFFAIRES A.I. OF THE EMBASSY OF TOGO IN MOROCCO, Mr. AZIZ BEN DOUKALI, HEAD OF PROTOCOL OF CAFRAD<\/strong><\/h6>\n<p>By proving his interest in the approach and the excellence of the relations between his country and CAFRAD, the Charg\u00e9 d&#8217;Affaires a.i took the opportunity to invite the Director General to a conference that the Embassy is organizing on October 30, 2024, at Rabat.<\/p>\n<p>The audience ended with a visit to a cultural gallery on Togo&#8217;s artistic and literary works and Mr. KLUTSE&#8217;s confirmation of his predisposition to facilitate the implementation of visibility actions at CAFRAD in Togo.<\/p>\n<p><img loading=\"lazy\" class=\"alignnone wp-image-7582 size-large\" src=\"https:\/\/cafrad.io\/wp-content\/uploads\/2024\/10\/6-706x1024.jpeg\" alt=\"\" width=\"706\" height=\"1024\" srcset=\"https:\/\/cafrad.io\/wp-content\/uploads\/2024\/10\/6-706x1024.jpeg 706w, https:\/\/cafrad.io\/wp-content\/uploads\/2024\/10\/6-207x300.jpeg 207w, https:\/\/cafrad.io\/wp-content\/uploads\/2024\/10\/6.jpeg 738w\" sizes=\"(max-width: 706px) 100vw, 706px\" \/><\/p>\n<h6><strong>ARTISANAL GALLERY WITHIN THE EMBASSY OF TOGO, RABAT<\/strong><\/h6>\n<p>[\/vc_column_text][stm_spacing lg_spacing=&#8221;80&#8243; md_spacing=&#8221;80&#8243; sm_spacing=&#8221;30&#8243; xs_spacing=&#8221;20&#8243;][\/vc_column][vc_column width=&#8221;1\/4&#8243; offset=&#8221;vc_hidden-sm vc_hidden-xs&#8221;][stm_sidebar sidebar=&#8221;527&#8243;][\/vc_column][\/vc_row][vc_row full_width=&#8221;stretch_row&#8221; css=&#8221;.vc_custom_1602029642150{margin-bottom: -60px !important;background-color: #ffc80a !important;}&#8221;][vc_column][vc_cta h2=&#8221;Envie D&#8217;\u00eatre Renseign\u00e9 Sur Tous Les \u00e9v\u00e9nements du CAFRAD?&#8221; h2_font_container=&#8221;font_size:24px|color:%23000000|line_height:24px&#8221; h2_use_theme_fonts=&#8221;yes&#8221; shape=&#8221;square&#8221; style=&#8221;flat&#8221; add_button=&#8221;right&#8221; btn_title=&#8221;Nos \u00e9v\u00e9nements&#8221; btn_style=&#8221;flat&#8221; btn_color=&#8221;theme_style_2&#8243; btn_align=&#8221;right&#8221; btn_i_align=&#8221;right&#8221; btn_i_icon_fontawesome=&#8221;fa fa-chevron-right&#8221; use_custom_fonts_h2=&#8221;true&#8221; btn_button_block=&#8221;true&#8221; btn_add_icon=&#8221;true&#8221; css=&#8221;.vc_custom_1602029653171{margin-bottom: 0px !important;background-color: #ffc80a !important;}&#8221;][\/vc_cta][\/vc_column][\/vc_row]<\/p>\n<\/section>","protected":false},"excerpt":{"rendered":"<p>[vc_row][vc_column offset=&#8221;vc_col-lg-9 vc_col-md-9&#8243; css=&#8221;.vc_custom_1452702342137{padding-right: 45px !important;}&#8221;][vc_custom_heading source=&#8221;post_title&#8221; use_theme_fonts=&#8221;yes&#8221; el_class=&#8221;no_stripe&#8221;][vc_column_text css=&#8221;.vc_custom_1729864904636{margin-bottom: 20px !important;}&#8221;] from right to left\u00a0: Dr. Coffi Dieudonn\u00e9 ASSOUVI, DIRECTOR GENERAL OF CAFRAD, M. Messan Amako\u00e9 KLUTSE, CHARGE D\u2019AFFAIRES A.I. OF THE EMBASSY OF TOGO IN MOROCCO The new Director General to conquer the Member States! As part of the deployment of his vision<\/p>\n","protected":false},"author":1,"featured_media":7567,"comment_status":"open","ping_status":"open","sticky":false,"template":"","format":"standard","meta":[],"categories":[121],"tags":[],"_links":{"self":[{"href":"https:\/\/cafrad.io\/en\/wp-json\/wp\/v2\/posts\/7598"}],"collection":[{"href":"https:\/\/cafrad.io\/en\/wp-json\/wp\/v2\/posts"}],"about":[{"href":"https:\/\/cafrad.io\/en\/wp-json\/wp\/v2\/types\/post"}],"author":[{"embeddable":true,"href":"https:\/\/cafrad.io\/en\/wp-json\/wp\/v2\/users\/1"}],"replies":[{"embeddable":true,"href":"https:\/\/cafrad.io\/en\/wp-json\/wp\/v2\/comments?post=7598"}],"version-history":[{"count":1,"href":"https:\/\/cafrad.io\/en\/wp-json\/wp\/v2\/posts\/7598\/revisions"}],"predecessor-version":[{"id":7599,"href":"https:\/\/cafrad.io\/en\/wp-json\/wp\/v2\/posts\/7598\/revisions\/7599"}],"wp:featuredmedia":[{"embeddable":true,"href":"https:\/\/cafrad.io\/en\/wp-json\/wp\/v2\/media\/7567"}],"wp:attachment":[{"href":"https:\/\/cafrad.io\/en\/wp-json\/wp\/v2\/media?parent=7598"}],"wp:term":[{"taxonomy":"category","embeddable":true,"href":"https:\/\/cafrad.io\/en\/wp-json\/wp\/v2\/categories?post=7598"},{"taxonomy":"post_tag","embeddable":true,"href":"https:\/\/cafrad.io\/en\/wp-json\/wp\/v2\/tags?post=7598"}],"curies":[{"name":"wp","href":"https:\/\/api.w.org\/{rel}","templated":true}]}}